{"id":80737,"date":"2022-12-01T00:32:09","date_gmt":"2022-11-30T22:32:09","guid":{"rendered":"https:\/\/kavial.ee\/www\/?p=80737"},"modified":"2025-06-19T23:34:55","modified_gmt":"2025-06-19T20:34:55","slug":"schaeffler-fag-ses-laagrikorpuste-uuenduskuur","status":"publish","type":"post","link":"https:\/\/kavial.ee\/et\/newsletter\/schaeffler-fag-ses-laagrikorpuste-uuenduskuur\/","title":{"rendered":"Schaeffler FAG SES laagrikorpuste uuenduskuur"},"content":{"rendered":"\n<h1 class=\"wp-block-heading\">Schaeffler FAG SES laagrikorpuste uuenduskuur<\/h1>\n\n\n\n<p class=\"has-text-align-center has-text-color has-background has-small-font-size\" style=\"color:#333333;background-color:#cecece\"><strong><a rel=\"noreferrer noopener\" href=\"https:\/\/www.partner-portal.schaeffler\/en\/article\/523225\" target=\"_blank\">Pressiteade<\/a><\/strong> Schaeffler v\u00e4rvib \u00fcle FAG SES laagrikorpuseid<\/p>\n\n\n\n<p>SNV korpuste asendamiseks loodud SES seeriat tarnitakse n\u00fc\u00fcd halli v\u00e4rvi asemel mustav\u00e4rvilisena. V\u00e4rvi vahetus t\u00f5i klientide seas segadust, seega pidi Schaeffler pressiteatega kahtluseid hajutama.<\/p>\n\n\n\n<p>Uuendatud disain arvab kaasa:<\/p>\n\n\n\n<ul class=\"wp-block-list\">\n<li>Andurite paigaldamiseks keermestatud augud plastkorkide asemel on n\u00fc\u00fcd seadekruvidega kinni topitud<\/li>\n\n\n\n<li>K\u00f5ik t\u00e4hised liimitud nimesiltide asemel on n\u00fc\u00fcd otse korpuse peale valatud<\/li>\n\n\n\n<li>Pinnav\u00e4rviks on n\u00fc\u00fcd satiin-must<\/li>\n<\/ul>\n\n\n\n<p>Korpuste tehnilised omadused j\u00e4id muutmata.<\/p>\n","protected":false},"excerpt":{"rendered":"<p>FAG SES seeriat tarnitakse n\u00fc\u00fcd halli v\u00e4rvi asemel mustav\u00e4rvilisena<\/p>\n","protected":false},"author":1,"featured_media":80747,"comment_status":"closed","ping_status":"closed","sticky":false,"template":"","format":"standard","meta":{"footnotes":""},"categories":[1127],"tags":[31,10,29,30],"class_list":["post-80737","post","type-post","status-publish","format-standard","has-post-thumbnail","hentry","category-newsletter","tag-laagrikorpus","tag-schaeffler","tag-ses","tag-snv"],"_links":{"self":[{"href":"https:\/\/kavial.ee\/et\/wp-json\/wp\/v2\/posts\/80737","targetHints":{"allow":["GET"]}}],"collection":[{"href":"https:\/\/kavial.ee\/et\/wp-json\/wp\/v2\/posts"}],"about":[{"href":"https:\/\/kavial.ee\/et\/wp-json\/wp\/v2\/types\/post"}],"author":[{"embeddable":true,"href":"https:\/\/kavial.ee\/et\/wp-json\/wp\/v2\/users\/1"}],"replies":[{"embeddable":true,"href":"https:\/\/kavial.ee\/et\/wp-json\/wp\/v2\/comments?post=80737"}],"version-history":[{"count":0,"href":"https:\/\/kavial.ee\/et\/wp-json\/wp\/v2\/posts\/80737\/revisions"}],"wp:featuredmedia":[{"embeddable":true,"href":"https:\/\/kavial.ee\/et\/wp-json\/wp\/v2\/media\/80747"}],"wp:attachment":[{"href":"https:\/\/kavial.ee\/et\/wp-json\/wp\/v2\/media?parent=80737"}],"wp:term":[{"taxonomy":"category","embeddable":true,"href":"https:\/\/kavial.ee\/et\/wp-json\/wp\/v2\/categories?post=80737"},{"taxonomy":"post_tag","embeddable":true,"href":"https:\/\/kavial.ee\/et\/wp-json\/wp\/v2\/tags?post=80737"}],"curies":[{"name":"wp","href":"https:\/\/api.w.org\/{rel}","templated":true}]}}